{"id":290,"date":"2025-12-14T20:56:03","date_gmt":"2025-12-14T19:56:03","guid":{"rendered":"https:\/\/dicolova.com\/cos11\/?p=290"},"modified":"2026-02-03T10:15:46","modified_gmt":"2026-02-03T09:15:46","slug":"festival-de-carcassonne-2026","status":"publish","type":"post","link":"https:\/\/dicolova.com\/cos11\/festival-de-carcassonne-2026\/","title":{"rendered":"Festival de Carcassonne 2026"},"content":{"rendered":"<div class=\"fusion-fullwidth fullwidth-box fusion-builder-row-1 fusion-flex-container nonhundred-percent-fullwidth non-hundred-percent-height-scrolling\" style=\"--awb-border-radius-top-left:0px;--awb-border-radius-top-right:0px;--awb-border-radius-bottom-right:0px;--awb-border-radius-bottom-left:0px;--awb-flex-wrap:wrap;\" ><div class=\"fusion-builder-row fusion-row fusion-flex-align-items-flex-start fusion-flex-content-wrap\" style=\"max-width:1331.2px;margin-left: calc(-4% \/ 2 );margin-right: calc(-4% \/ 2 );\"><div class=\"fusion-layout-column fusion_builder_column fusion-builder-column-0 fusion_builder_column_1_1 1_1 fusion-flex-column\" style=\"--awb-bg-size:cover;--awb-width-large:100%;--awb-margin-top-large:0px;--awb-spacing-right-large:1.92%;--awb-margin-bottom-large:0px;--awb-spacing-left-large:1.92%;--awb-width-medium:100%;--awb-spacing-right-medium:1.92%;--awb-spacing-left-medium:1.92%;--awb-width-small:100%;--awb-spacing-right-small:1.92%;--awb-spacing-left-small:1.92%;\"><div class=\"fusion-column-wrapper fusion-flex-justify-content-flex-start fusion-content-layout-column\"><div class=\"fusion-text fusion-text-1\"><div><a href=\"https:\/\/dicolova.com\/cos11\/wp-content\/uploads\/sites\/5\/2025\/12\/festival_carcassonne-1.jpg\"><img decoding=\"async\" class=\"alignnone size-medium wp-image-299\" src=\"https:\/\/dicolova.com\/cos11\/wp-content\/uploads\/sites\/5\/2025\/12\/festival_carcassonne-1-300x214.jpg\" alt=\"\" width=\"300\" height=\"214\" srcset=\"https:\/\/dicolova.com\/cos11\/wp-content\/uploads\/sites\/5\/2025\/12\/festival_carcassonne-1-200x143.jpg 200w, https:\/\/dicolova.com\/cos11\/wp-content\/uploads\/sites\/5\/2025\/12\/festival_carcassonne-1-300x214.jpg 300w, https:\/\/dicolova.com\/cos11\/wp-content\/uploads\/sites\/5\/2025\/12\/festival_carcassonne-1-400x286.jpg 400w, https:\/\/dicolova.com\/cos11\/wp-content\/uploads\/sites\/5\/2025\/12\/festival_carcassonne-1.jpg 601w\" sizes=\"(max-width: 300px) 100vw, 300px\" \/><\/a><\/div>\n<\/p>\n<p>Le Festival de Carcassonne annonce petit \u00e0 petit son programme .<span>Retrouvez le sur <\/span><a href=\"https:\/\/www.festivaldecarcassonne.fr\">son site<\/a><span>  , faites votre choix et d\u00e9p\u00eachez vous de r\u00e9server aupr\u00e8s de Sandrine au 0468723711 ou par courriel au <\/span><a href=\"mailto:cos.11azureva@gmail.com\" target=\"_blank\" rel=\"noopener\">cos.11azureva@gmail.com<\/a><span>, ou sur le <\/span><a href=\"https:\/\/cosloisirsvacances11.wixsite.com\/cos11\/festival-carcassonne\">site du COS11<\/a><span> si vous voulez les meilleures places!<\/span><\/p>\n<div>Encore une occasion de cadeau pour les f\u00eates de No\u00ebl<\/div>\n<div> <\/div>\n<\/div><\/div><\/div><\/div><\/div>\n","protected":false},"excerpt":{"rendered":"","protected":false},"author":9,"featured_media":299,"comment_status":"closed","ping_status":"closed","sticky":false,"template":"","format":"standard","meta":{"footnotes":""},"categories":[113,136,134,118],"tags":[],"class_list":["post-290","post","type-post","status-publish","format-standard","has-post-thumbnail","hentry","category-flash","category-loisirs","category-promo-flash","category-promotion"],"yoast_head":"<!-- This site is optimized with the Yoast SEO plugin v27.5 - https:\/\/yoast.com\/product\/yoast-seo-wordpress\/ -->\n<title>Festival de Carcassonne 2026 - COS 11<\/title>\n<meta name=\"description\" content=\"la r\u00e9servation des concerts de musique du festival d&#039;\u00e9t\u00e9 de Carcassonne 2026 commence aupr\u00e8s du COS Loisirs et Vacances de l&#039;Aude\" \/>\n<meta name=\"robots\" content=\"index, follow, max-snippet:-1, max-image-preview:large, max-video-preview:-1\" \/>\n<link rel=\"canonical\" href=\"https:\/\/dicolova.com\/cos11\/festival-de-carcassonne-2026\/\" \/>\n<meta property=\"og:locale\" content=\"fr_FR\" \/>\n<meta property=\"og:type\" content=\"article\" \/>\n<meta property=\"og:title\" content=\"Festival de Carcassonne 2026 - COS 11\" \/>\n<meta property=\"og:description\" content=\"la r\u00e9servation des concerts de musique du festival d&#039;\u00e9t\u00e9 de Carcassonne 2026 commence aupr\u00e8s du COS Loisirs et Vacances de l&#039;Aude\" \/>\n<meta property=\"og:url\" content=\"https:\/\/dicolova.com\/cos11\/festival-de-carcassonne-2026\/\" \/>\n<meta property=\"og:site_name\" content=\"COS 11\" \/>\n<meta property=\"article:author\" content=\"https:\/\/www.facebook.com\/cos11aude\" \/>\n<meta property=\"article:published_time\" content=\"2025-12-14T19:56:03+00:00\" \/>\n<meta property=\"article:modified_time\" content=\"2026-02-03T09:15:46+00:00\" \/>\n<meta property=\"og:image\" content=\"https:\/\/dicolova.com\/cos11\/wp-content\/uploads\/sites\/5\/2025\/12\/festival_carcassonne-1.jpg\" \/>\n\t<meta property=\"og:image:width\" content=\"601\" \/>\n\t<meta property=\"og:image:height\" content=\"429\" \/>\n\t<meta property=\"og:image:type\" content=\"image\/jpeg\" \/>\n<meta name=\"author\" content=\"COS Loisirs et vacances de l&#039;Aude\" \/>\n<meta name=\"twitter:card\" content=\"summary_large_image\" \/>\n<meta name=\"twitter:label1\" content=\"\u00c9crit par\" \/>\n\t<meta name=\"twitter:data1\" content=\"COS Loisirs et vacances de l&#039;Aude\" \/>\n\t<meta name=\"twitter:label2\" content=\"Dur\u00e9e de lecture estim\u00e9e\" \/>\n\t<meta name=\"twitter:data2\" content=\"1 minute\" \/>\n<script type=\"application\/ld+json\" class=\"yoast-schema-graph\">{\"@context\":\"https:\\\/\\\/schema.org\",\"@graph\":[{\"@type\":\"Article\",\"@id\":\"https:\\\/\\\/dicolova.com\\\/cos11\\\/festival-de-carcassonne-2026\\\/#article\",\"isPartOf\":{\"@id\":\"https:\\\/\\\/dicolova.com\\\/cos11\\\/festival-de-carcassonne-2026\\\/\"},\"author\":{\"name\":\"COS Loisirs et vacances de l'Aude\",\"@id\":\"https:\\\/\\\/dicolova.com\\\/cos11\\\/#\\\/schema\\\/person\\\/8a2d322ffb0d16e7cf35f3a2f9f8eb41\"},\"headline\":\"Festival de Carcassonne 2026\",\"datePublished\":\"2025-12-14T19:56:03+00:00\",\"dateModified\":\"2026-02-03T09:15:46+00:00\",\"mainEntityOfPage\":{\"@id\":\"https:\\\/\\\/dicolova.com\\\/cos11\\\/festival-de-carcassonne-2026\\\/\"},\"wordCount\":173,\"image\":{\"@id\":\"https:\\\/\\\/dicolova.com\\\/cos11\\\/festival-de-carcassonne-2026\\\/#primaryimage\"},\"thumbnailUrl\":\"https:\\\/\\\/dicolova.com\\\/cos11\\\/wp-content\\\/uploads\\\/sites\\\/5\\\/2025\\\/12\\\/festival_carcassonne-1.jpg\",\"articleSection\":[\"Flash\",\"Loisirs\",\"Promo Flash\",\"Promotion\"],\"inLanguage\":\"fr-FR\"},{\"@type\":\"WebPage\",\"@id\":\"https:\\\/\\\/dicolova.com\\\/cos11\\\/festival-de-carcassonne-2026\\\/\",\"url\":\"https:\\\/\\\/dicolova.com\\\/cos11\\\/festival-de-carcassonne-2026\\\/\",\"name\":\"Festival de Carcassonne 2026 - COS 11\",\"isPartOf\":{\"@id\":\"https:\\\/\\\/dicolova.com\\\/cos11\\\/#website\"},\"primaryImageOfPage\":{\"@id\":\"https:\\\/\\\/dicolova.com\\\/cos11\\\/festival-de-carcassonne-2026\\\/#primaryimage\"},\"image\":{\"@id\":\"https:\\\/\\\/dicolova.com\\\/cos11\\\/festival-de-carcassonne-2026\\\/#primaryimage\"},\"thumbnailUrl\":\"https:\\\/\\\/dicolova.com\\\/cos11\\\/wp-content\\\/uploads\\\/sites\\\/5\\\/2025\\\/12\\\/festival_carcassonne-1.jpg\",\"datePublished\":\"2025-12-14T19:56:03+00:00\",\"dateModified\":\"2026-02-03T09:15:46+00:00\",\"author\":{\"@id\":\"https:\\\/\\\/dicolova.com\\\/cos11\\\/#\\\/schema\\\/person\\\/8a2d322ffb0d16e7cf35f3a2f9f8eb41\"},\"description\":\"la r\u00e9servation des concerts de musique du festival d'\u00e9t\u00e9 de Carcassonne 2026 commence aupr\u00e8s du COS Loisirs et Vacances de l'Aude\",\"breadcrumb\":{\"@id\":\"https:\\\/\\\/dicolova.com\\\/cos11\\\/festival-de-carcassonne-2026\\\/#breadcrumb\"},\"inLanguage\":\"fr-FR\",\"potentialAction\":[{\"@type\":\"ReadAction\",\"target\":[\"https:\\\/\\\/dicolova.com\\\/cos11\\\/festival-de-carcassonne-2026\\\/\"]}]},{\"@type\":\"ImageObject\",\"inLanguage\":\"fr-FR\",\"@id\":\"https:\\\/\\\/dicolova.com\\\/cos11\\\/festival-de-carcassonne-2026\\\/#primaryimage\",\"url\":\"https:\\\/\\\/dicolova.com\\\/cos11\\\/wp-content\\\/uploads\\\/sites\\\/5\\\/2025\\\/12\\\/festival_carcassonne-1.jpg\",\"contentUrl\":\"https:\\\/\\\/dicolova.com\\\/cos11\\\/wp-content\\\/uploads\\\/sites\\\/5\\\/2025\\\/12\\\/festival_carcassonne-1.jpg\",\"width\":601,\"height\":429},{\"@type\":\"BreadcrumbList\",\"@id\":\"https:\\\/\\\/dicolova.com\\\/cos11\\\/festival-de-carcassonne-2026\\\/#breadcrumb\",\"itemListElement\":[{\"@type\":\"ListItem\",\"position\":1,\"name\":\"Accueil\",\"item\":\"https:\\\/\\\/dicolova.com\\\/cos11\\\/\"},{\"@type\":\"ListItem\",\"position\":2,\"name\":\"Festival de Carcassonne 2026\"}]},{\"@type\":\"WebSite\",\"@id\":\"https:\\\/\\\/dicolova.com\\\/cos11\\\/#website\",\"url\":\"https:\\\/\\\/dicolova.com\\\/cos11\\\/\",\"name\":\"COS 11\",\"description\":\"\",\"potentialAction\":[{\"@type\":\"SearchAction\",\"target\":{\"@type\":\"EntryPoint\",\"urlTemplate\":\"https:\\\/\\\/dicolova.com\\\/cos11\\\/?s={search_term_string}\"},\"query-input\":{\"@type\":\"PropertyValueSpecification\",\"valueRequired\":true,\"valueName\":\"search_term_string\"}}],\"inLanguage\":\"fr-FR\"},{\"@type\":\"Person\",\"@id\":\"https:\\\/\\\/dicolova.com\\\/cos11\\\/#\\\/schema\\\/person\\\/8a2d322ffb0d16e7cf35f3a2f9f8eb41\",\"name\":\"COS Loisirs et vacances de l'Aude\",\"sameAs\":[\"http:\\\/\\\/cosloisirsvacances11.wixsite.com\\\/cos11\",\"https:\\\/\\\/www.facebook.com\\\/cos11aude\"],\"url\":\"https:\\\/\\\/dicolova.com\\\/cos11\\\/author\\\/cosazureva11\\\/\"}]}<\/script>\n<!-- \/ Yoast SEO plugin. -->","yoast_head_json":{"title":"Festival de Carcassonne 2026 - COS 11","description":"la r\u00e9servation des concerts de musique du festival d'\u00e9t\u00e9 de Carcassonne 2026 commence aupr\u00e8s du COS Loisirs et Vacances de l'Aude","robots":{"index":"index","follow":"follow","max-snippet":"max-snippet:-1","max-image-preview":"max-image-preview:large","max-video-preview":"max-video-preview:-1"},"canonical":"https:\/\/dicolova.com\/cos11\/festival-de-carcassonne-2026\/","og_locale":"fr_FR","og_type":"article","og_title":"Festival de Carcassonne 2026 - COS 11","og_description":"la r\u00e9servation des concerts de musique du festival d'\u00e9t\u00e9 de Carcassonne 2026 commence aupr\u00e8s du COS Loisirs et Vacances de l'Aude","og_url":"https:\/\/dicolova.com\/cos11\/festival-de-carcassonne-2026\/","og_site_name":"COS 11","article_author":"https:\/\/www.facebook.com\/cos11aude","article_published_time":"2025-12-14T19:56:03+00:00","article_modified_time":"2026-02-03T09:15:46+00:00","og_image":[{"width":601,"height":429,"url":"https:\/\/dicolova.com\/cos11\/wp-content\/uploads\/sites\/5\/2025\/12\/festival_carcassonne-1.jpg","type":"image\/jpeg"}],"author":"COS Loisirs et vacances de l'Aude","twitter_card":"summary_large_image","twitter_misc":{"\u00c9crit par":"COS Loisirs et vacances de l'Aude","Dur\u00e9e de lecture estim\u00e9e":"1 minute"},"schema":{"@context":"https:\/\/schema.org","@graph":[{"@type":"Article","@id":"https:\/\/dicolova.com\/cos11\/festival-de-carcassonne-2026\/#article","isPartOf":{"@id":"https:\/\/dicolova.com\/cos11\/festival-de-carcassonne-2026\/"},"author":{"name":"COS Loisirs et vacances de l'Aude","@id":"https:\/\/dicolova.com\/cos11\/#\/schema\/person\/8a2d322ffb0d16e7cf35f3a2f9f8eb41"},"headline":"Festival de Carcassonne 2026","datePublished":"2025-12-14T19:56:03+00:00","dateModified":"2026-02-03T09:15:46+00:00","mainEntityOfPage":{"@id":"https:\/\/dicolova.com\/cos11\/festival-de-carcassonne-2026\/"},"wordCount":173,"image":{"@id":"https:\/\/dicolova.com\/cos11\/festival-de-carcassonne-2026\/#primaryimage"},"thumbnailUrl":"https:\/\/dicolova.com\/cos11\/wp-content\/uploads\/sites\/5\/2025\/12\/festival_carcassonne-1.jpg","articleSection":["Flash","Loisirs","Promo Flash","Promotion"],"inLanguage":"fr-FR"},{"@type":"WebPage","@id":"https:\/\/dicolova.com\/cos11\/festival-de-carcassonne-2026\/","url":"https:\/\/dicolova.com\/cos11\/festival-de-carcassonne-2026\/","name":"Festival de Carcassonne 2026 - COS 11","isPartOf":{"@id":"https:\/\/dicolova.com\/cos11\/#website"},"primaryImageOfPage":{"@id":"https:\/\/dicolova.com\/cos11\/festival-de-carcassonne-2026\/#primaryimage"},"image":{"@id":"https:\/\/dicolova.com\/cos11\/festival-de-carcassonne-2026\/#primaryimage"},"thumbnailUrl":"https:\/\/dicolova.com\/cos11\/wp-content\/uploads\/sites\/5\/2025\/12\/festival_carcassonne-1.jpg","datePublished":"2025-12-14T19:56:03+00:00","dateModified":"2026-02-03T09:15:46+00:00","author":{"@id":"https:\/\/dicolova.com\/cos11\/#\/schema\/person\/8a2d322ffb0d16e7cf35f3a2f9f8eb41"},"description":"la r\u00e9servation des concerts de musique du festival d'\u00e9t\u00e9 de Carcassonne 2026 commence aupr\u00e8s du COS Loisirs et Vacances de l'Aude","breadcrumb":{"@id":"https:\/\/dicolova.com\/cos11\/festival-de-carcassonne-2026\/#breadcrumb"},"inLanguage":"fr-FR","potentialAction":[{"@type":"ReadAction","target":["https:\/\/dicolova.com\/cos11\/festival-de-carcassonne-2026\/"]}]},{"@type":"ImageObject","inLanguage":"fr-FR","@id":"https:\/\/dicolova.com\/cos11\/festival-de-carcassonne-2026\/#primaryimage","url":"https:\/\/dicolova.com\/cos11\/wp-content\/uploads\/sites\/5\/2025\/12\/festival_carcassonne-1.jpg","contentUrl":"https:\/\/dicolova.com\/cos11\/wp-content\/uploads\/sites\/5\/2025\/12\/festival_carcassonne-1.jpg","width":601,"height":429},{"@type":"BreadcrumbList","@id":"https:\/\/dicolova.com\/cos11\/festival-de-carcassonne-2026\/#breadcrumb","itemListElement":[{"@type":"ListItem","position":1,"name":"Accueil","item":"https:\/\/dicolova.com\/cos11\/"},{"@type":"ListItem","position":2,"name":"Festival de Carcassonne 2026"}]},{"@type":"WebSite","@id":"https:\/\/dicolova.com\/cos11\/#website","url":"https:\/\/dicolova.com\/cos11\/","name":"COS 11","description":"","potentialAction":[{"@type":"SearchAction","target":{"@type":"EntryPoint","urlTemplate":"https:\/\/dicolova.com\/cos11\/?s={search_term_string}"},"query-input":{"@type":"PropertyValueSpecification","valueRequired":true,"valueName":"search_term_string"}}],"inLanguage":"fr-FR"},{"@type":"Person","@id":"https:\/\/dicolova.com\/cos11\/#\/schema\/person\/8a2d322ffb0d16e7cf35f3a2f9f8eb41","name":"COS Loisirs et vacances de l'Aude","sameAs":["http:\/\/cosloisirsvacances11.wixsite.com\/cos11","https:\/\/www.facebook.com\/cos11aude"],"url":"https:\/\/dicolova.com\/cos11\/author\/cosazureva11\/"}]}},"_links":{"self":[{"href":"https:\/\/dicolova.com\/cos11\/wp-json\/wp\/v2\/posts\/290","targetHints":{"allow":["GET"]}}],"collection":[{"href":"https:\/\/dicolova.com\/cos11\/wp-json\/wp\/v2\/posts"}],"about":[{"href":"https:\/\/dicolova.com\/cos11\/wp-json\/wp\/v2\/types\/post"}],"author":[{"embeddable":true,"href":"https:\/\/dicolova.com\/cos11\/wp-json\/wp\/v2\/users\/9"}],"replies":[{"embeddable":true,"href":"https:\/\/dicolova.com\/cos11\/wp-json\/wp\/v2\/comments?post=290"}],"version-history":[{"count":3,"href":"https:\/\/dicolova.com\/cos11\/wp-json\/wp\/v2\/posts\/290\/revisions"}],"predecessor-version":[{"id":300,"href":"https:\/\/dicolova.com\/cos11\/wp-json\/wp\/v2\/posts\/290\/revisions\/300"}],"wp:featuredmedia":[{"embeddable":true,"href":"https:\/\/dicolova.com\/cos11\/wp-json\/wp\/v2\/media\/299"}],"wp:attachment":[{"href":"https:\/\/dicolova.com\/cos11\/wp-json\/wp\/v2\/media?parent=290"}],"wp:term":[{"taxonomy":"category","embeddable":true,"href":"https:\/\/dicolova.com\/cos11\/wp-json\/wp\/v2\/categories?post=290"},{"taxonomy":"post_tag","embeddable":true,"href":"https:\/\/dicolova.com\/cos11\/wp-json\/wp\/v2\/tags?post=290"}],"curies":[{"name":"wp","href":"https:\/\/api.w.org\/{rel}","templated":true}]}}